{"id":1624,"date":"2025-01-25T20:12:24","date_gmt":"2025-01-25T18:12:24","guid":{"rendered":"https:\/\/www.andalucialegendaria.com\/Palmerines\/?p=1624"},"modified":"2025-01-25T20:12:24","modified_gmt":"2025-01-25T18:12:24","slug":"la-lesion-de-jesus-rodriguez-genera-gran-preocupacion-en-el-real-betis-un-futuro-incierto-para-el-canterano","status":"publish","type":"post","link":"https:\/\/www.andalucialegendaria.com\/Palmerines\/2025\/01\/25\/la-lesion-de-jesus-rodriguez-genera-gran-preocupacion-en-el-real-betis-un-futuro-incierto-para-el-canterano\/","title":{"rendered":"La lesi\u00f3n de Jes\u00fas Rodr\u00edguez genera gran preocupaci\u00f3n en el Real Betis: un futuro incierto para el canterano"},"content":{"rendered":"\n<p>El Real Betis atraviesa un momento de incertidumbre tras la dura lesi\u00f3n sufrida por Jes\u00fas Rodr\u00edguez, que dej\u00f3 a la afici\u00f3n verdiblanca en vilo durante el \u00faltimo encuentro. La acci\u00f3n se produjo tras una entrada de Omar Mascarell sobre el joven extremo, que no pudo continuar en el partido y abandon\u00f3 el terreno de juego entre l\u00e1grimas, visiblemente afectado por el dolor. La preocupaci\u00f3n en el club sevillano es palpable, y aunque en un primer momento los medios del Betis hablaron de una contusi\u00f3n, la gravedad de la lesi\u00f3n a\u00fan no se ha confirmado.<\/p>\n\n\n\n<p>El propio Manuel Pellegrini, en rueda de prensa, no ofreci\u00f3 un diagn\u00f3stico claro, pero dej\u00f3 entrever la magnitud del percance: \u00abPuede ser una lesi\u00f3n importante\u00bb, afirm\u00f3 el entrenador, a lo que a\u00f1adi\u00f3 que se esperar\u00e1n las pruebas m\u00e9dicas para tener un diagn\u00f3stico m\u00e1s preciso. La situaci\u00f3n es delicada, y las primeras sensaciones no son buenas.<\/p>\n\n\n\n<h3 class=\"wp-block-heading\">La entrada de Mascarell y la reacci\u00f3n del entrenador<\/h3>\n\n\n\n<p>La jugada que dej\u00f3 a Jes\u00fas Rodr\u00edguez tendido en el c\u00e9sped fue una entrada muy fuerte de Omar Mascarell, quien recibi\u00f3 la tarjeta roja tras el VAR, tras una acci\u00f3n que dej\u00f3 claro el da\u00f1o causado al canterano. Aunque muchos consideraron que la entrada merec\u00eda al menos una tarjeta amarilla, el \u00e1rbitro no dud\u00f3 en expulsar al jugador tinerfe\u00f1o por la dureza de su intervenci\u00f3n. Esta acci\u00f3n no solo cambi\u00f3 el curso del partido, sino que dej\u00f3 la peor noticia para el Betis: la posible lesi\u00f3n de uno de sus jugadores m\u00e1s prometedores.<\/p>\n\n\n\n<p>El t\u00e9cnico chileno expres\u00f3 su frustraci\u00f3n por la jugada, reconociendo la importancia de la intervenci\u00f3n del VAR en estas situaciones: \u00abEn ese tipo de acciones tiene que intervenir el VAR. Son jugadas que pueden decidir el partido, y hoy, aunque el empate no habr\u00eda sido un mal resultado, seguimos luchando hasta el final y conseguimos un buen gol\u00bb. Sin embargo, las palabras de Pellegrini tambi\u00e9n reflejaron su contrariedad por lo sucedido, consciente de la trascendencia de la baja de un jugador tan importante en estos momentos.<\/p>\n\n\n\n<h3 class=\"wp-block-heading\">Jes\u00fas Rodr\u00edguez, la joya de la cantera<\/h3>\n\n\n\n<p>El canterano verdiblanco, que se ha consolidado como una de las sensaciones del equipo en las \u00faltimas semanas, se retir\u00f3 del campo visiblemente afectado, sin poder apoyar el pie y ayudado por los servicios m\u00e9dicos del club. A pesar del dolor evidente, la afici\u00f3n del Betis mantiene la esperanza de que se trate de un simple susto, ya que las primeras versiones hablaban de una contusi\u00f3n, lo que podr\u00eda significar una lesi\u00f3n menos grave de lo esperado.<\/p>\n\n\n\n<p>Sin embargo, la incertidumbre persiste. Jes\u00fas Rodr\u00edguez ha sido uno de los jugadores m\u00e1s destacados en un momento cr\u00edtico para el Betis, y su posible ausencia en el pr\u00f3ximo partido supondr\u00eda un golpe duro para el equipo, que no solo pierde a un talento de futuro, sino a un jugador fundamental en sus planes actuales.<\/p>\n\n\n\n<h3 class=\"wp-block-heading\">La espera de las pruebas m\u00e9dicas<\/h3>\n\n\n\n<p>Este domingo, el canterano se someter\u00e1 a las pruebas m\u00e9dicas correspondientes para determinar el alcance exacto de la lesi\u00f3n. Hasta entonces, la incertidumbre ser\u00e1 total, y la afici\u00f3n b\u00e9tica, al igual que el propio equipo, estar\u00e1 pendiente de cualquier noticia que pueda aportar algo de luz sobre el futuro de Jes\u00fas Rodr\u00edguez.<\/p>\n\n\n\n<p>La preocupaci\u00f3n es evidente, pero el Real Betis mantiene la esperanza de que la lesi\u00f3n no sea tan grave como se tem\u00eda en un primer momento. Sin embargo, las palabras de Manuel Pellegrini sobre la \u00ablesi\u00f3n importante\u00bb no invitan precisamente al optimismo. Mientras tanto, la afici\u00f3n verdiblanca espera que la joven promesa del club pueda recuperarse pronto y regresar a los terrenos de juego para seguir demostrando el talento que le ha llevado a ganarse un lugar en el primer equipo.<\/p>\n","protected":false},"excerpt":{"rendered":"<p>El Real Betis atraviesa un momento de incertidumbre tras la dura lesi\u00f3n sufrida por Jes\u00fas Rodr\u00edguez, que dej\u00f3 a la afici\u00f3n verdiblanca en vilo durante el \u00faltimo encuentro. La acci\u00f3n se produjo tras una entrada de Omar Mascarell sobre el joven extremo, que no pudo continuar en el partido y abandon\u00f3 el terreno de juego&#8230;<\/p>\n","protected":false},"author":1,"featured_media":1625,"comment_status":"open","ping_status":"open","sticky":false,"template":"","format":"standard","meta":{"footnotes":""},"categories":[4,3],"tags":[],"class_list":["post-1624","post","type-post","status-publish","format-standard","has-post-thumbnail","hentry","category-actualidad-verdiblanca","category-primer-equipo"],"_links":{"self":[{"href":"https:\/\/www.andalucialegendaria.com\/Palmerines\/wp-json\/wp\/v2\/posts\/1624","targetHints":{"allow":["GET"]}}],"collection":[{"href":"https:\/\/www.andalucialegendaria.com\/Palmerines\/wp-json\/wp\/v2\/posts"}],"about":[{"href":"https:\/\/www.andalucialegendaria.com\/Palmerines\/wp-json\/wp\/v2\/types\/post"}],"author":[{"embeddable":true,"href":"https:\/\/www.andalucialegendaria.com\/Palmerines\/wp-json\/wp\/v2\/users\/1"}],"replies":[{"embeddable":true,"href":"https:\/\/www.andalucialegendaria.com\/Palmerines\/wp-json\/wp\/v2\/comments?post=1624"}],"version-history":[{"count":1,"href":"https:\/\/www.andalucialegendaria.com\/Palmerines\/wp-json\/wp\/v2\/posts\/1624\/revisions"}],"predecessor-version":[{"id":1626,"href":"https:\/\/www.andalucialegendaria.com\/Palmerines\/wp-json\/wp\/v2\/posts\/1624\/revisions\/1626"}],"wp:featuredmedia":[{"embeddable":true,"href":"https:\/\/www.andalucialegendaria.com\/Palmerines\/wp-json\/wp\/v2\/media\/1625"}],"wp:attachment":[{"href":"https:\/\/www.andalucialegendaria.com\/Palmerines\/wp-json\/wp\/v2\/media?parent=1624"}],"wp:term":[{"taxonomy":"category","embeddable":true,"href":"https:\/\/www.andalucialegendaria.com\/Palmerines\/wp-json\/wp\/v2\/categories?post=1624"},{"taxonomy":"post_tag","embeddable":true,"href":"https:\/\/www.andalucialegendaria.com\/Palmerines\/wp-json\/wp\/v2\/tags?post=1624"}],"curies":[{"name":"wp","href":"https:\/\/api.w.org\/{rel}","templated":true}]}}