{"id":1582,"date":"2025-01-09T19:29:39","date_gmt":"2025-01-09T17:29:39","guid":{"rendered":"https:\/\/www.andalucialegendaria.com\/Palmerines\/?p=1582"},"modified":"2025-01-09T19:29:39","modified_gmt":"2025-01-09T17:29:39","slug":"chimy-avila-comprometido-con-el-betis-hoy-betis-es-la-primera-palabra-en-mi-casa","status":"publish","type":"post","link":"https:\/\/www.andalucialegendaria.com\/Palmerines\/2025\/01\/09\/chimy-avila-comprometido-con-el-betis-hoy-betis-es-la-primera-palabra-en-mi-casa\/","title":{"rendered":"Chimy \u00c1vila, comprometido con el Betis: \u201cHoy Betis es la primera palabra en mi casa\u201d"},"content":{"rendered":"\n<p>El mercado invernal trae consigo rumores, negociaciones y ofertas tentadoras, pero para <strong>Chimy \u00c1vila<\/strong> no hay dudas: su lugar est\u00e1 en el <strong>Real Betis<\/strong>. Seg\u00fan ha podido confirmar <em>ElDesmarque<\/em>, el delantero argentino ha rechazado propuestas de varios clubes, incluidos equipos italianos y de destinos ex\u00f3ticos, quienes ofrec\u00edan mejoras salariales. Sin embargo, Chimy prioriza su felicidad en Sevilla y su deseo de seguir siendo un pilar importante en el proyecto dirigido por <strong>Manuel Pellegrini<\/strong>.<\/p>\n\n\n\n<h4 class=\"wp-block-heading\"><strong>Un verano incierto y un presente de confianza<\/strong><\/h4>\n\n\n\n<p>Hace unos meses, Chimy \u00c1vila enfrentaba un futuro cargado de incertidumbre en el Betis. Su rol en el equipo no estaba del todo claro y el mercado veraniego tambi\u00e9n trajo acercamientos que finalmente no se concretaron. Pero la situaci\u00f3n ha dado un giro radical: el argentino se ha ganado la confianza del t\u00e9cnico chileno y ha asumido un papel destacado en el equipo.<\/p>\n\n\n\n<p>En lo que va de temporada, Chimy ha disputado <strong>24 encuentros<\/strong>, con un balance de <strong>cuatro goles y dos asistencias<\/strong>. M\u00e1s all\u00e1 de las cifras, su impacto en el campo ha sido evidente, adoptando un rol m\u00e1s vers\u00e1til y maduro. Bajo la direcci\u00f3n de Pellegrini, ha jugado con <strong>mayor libertad de movimientos<\/strong> y mostrado una <strong>evoluci\u00f3n en su estilo de juego<\/strong>, equilibrando su intensidad caracter\u00edstica con un mayor control y pausa.<\/p>\n\n\n\n<h4 class=\"wp-block-heading\"><strong>Un amor declarado al Betis y su afici\u00f3n<\/strong><\/h4>\n\n\n\n<p>La decisi\u00f3n de Chimy no es casualidad. En una reciente entrevista con <em>El Correo de Andaluc\u00eda<\/em>, el delantero dej\u00f3 claro lo importante que es el Betis en su vida y la de su familia. \u201cEl Betis para m\u00ed es una palabra muy fuerte, tanto en mi vida actual como en la de mi familia. Nos sentimos felices, contentos, arropados. La afici\u00f3n nos quiere much\u00edsimo, y yo estoy muy agradecido a ellos. Cada bal\u00f3n, cada disputa, lo hago con todo mi empe\u00f1o y todo mi coraz\u00f3n\u201d, afirm\u00f3.<\/p>\n\n\n\n<p>Chimy \u00c1vila no solo siente el cari\u00f1o de los aficionados, sino que lo devuelve en el campo, siendo uno de los jugadores m\u00e1s entregados en cada partido. Adem\u00e1s, confes\u00f3 un detalle que refleja su conexi\u00f3n con el club: <strong>sus hijas han aprendido el himno del Betis<\/strong> y en su casa, el equipo verdiblanco es tema recurrente.<\/p>\n\n\n\n<h4 class=\"wp-block-heading\"><strong>Un mercado que no le distrae<\/strong><\/h4>\n\n\n\n<p>En un mercado lleno de movimientos, ofertas y rumores, la posici\u00f3n de Chimy es firme. A pesar del inter\u00e9s de clubes que le ofrec\u00edan mayores ingresos, el delantero argentino ha comunicado a sus representantes que no contemplen ninguna oferta. Su prioridad es consolidarse en el Betis, donde se siente valorado y en un entorno que considera su hogar.<\/p>\n\n\n\n<p>Esta postura es un alivio para un <strong>Manuel Pellegrini<\/strong> que ha encontrado en Chimy una pieza fundamental tanto dentro como fuera del campo. Mientras el mercado sigue su curso en Heli\u00f3polis, con la directiva buscando refuerzos y aligerar la plantilla en otros frentes, el compromiso de Chimy \u00c1vila es un motivo de tranquilidad para el proyecto verdiblanco.<\/p>\n\n\n\n<p>Con su entrega, carisma y conexi\u00f3n con la afici\u00f3n, el argentino se ha ganado un lugar especial en el coraz\u00f3n de los b\u00e9ticos. Como \u00e9l mismo dice, \u201cBetis es hoy la primera palabra en mi casa\u201d, y no parece que eso vaya a cambiar pronto.<\/p>\n","protected":false},"excerpt":{"rendered":"<p>El mercado invernal trae consigo rumores, negociaciones y ofertas tentadoras, pero para Chimy \u00c1vila no hay dudas: su lugar est\u00e1 en el Real Betis. Seg\u00fan ha podido confirmar ElDesmarque, el delantero argentino ha rechazado propuestas de varios clubes, incluidos equipos italianos y de destinos ex\u00f3ticos, quienes ofrec\u00edan mejoras salariales. Sin embargo, Chimy prioriza su felicidad&#8230;<\/p>\n","protected":false},"author":1,"featured_media":1583,"comment_status":"open","ping_status":"open","sticky":false,"template":"","format":"standard","meta":{"footnotes":""},"categories":[4,3],"tags":[],"class_list":["post-1582","post","type-post","status-publish","format-standard","has-post-thumbnail","hentry","category-actualidad-verdiblanca","category-primer-equipo"],"_links":{"self":[{"href":"https:\/\/www.andalucialegendaria.com\/Palmerines\/wp-json\/wp\/v2\/posts\/1582","targetHints":{"allow":["GET"]}}],"collection":[{"href":"https:\/\/www.andalucialegendaria.com\/Palmerines\/wp-json\/wp\/v2\/posts"}],"about":[{"href":"https:\/\/www.andalucialegendaria.com\/Palmerines\/wp-json\/wp\/v2\/types\/post"}],"author":[{"embeddable":true,"href":"https:\/\/www.andalucialegendaria.com\/Palmerines\/wp-json\/wp\/v2\/users\/1"}],"replies":[{"embeddable":true,"href":"https:\/\/www.andalucialegendaria.com\/Palmerines\/wp-json\/wp\/v2\/comments?post=1582"}],"version-history":[{"count":1,"href":"https:\/\/www.andalucialegendaria.com\/Palmerines\/wp-json\/wp\/v2\/posts\/1582\/revisions"}],"predecessor-version":[{"id":1584,"href":"https:\/\/www.andalucialegendaria.com\/Palmerines\/wp-json\/wp\/v2\/posts\/1582\/revisions\/1584"}],"wp:featuredmedia":[{"embeddable":true,"href":"https:\/\/www.andalucialegendaria.com\/Palmerines\/wp-json\/wp\/v2\/media\/1583"}],"wp:attachment":[{"href":"https:\/\/www.andalucialegendaria.com\/Palmerines\/wp-json\/wp\/v2\/media?parent=1582"}],"wp:term":[{"taxonomy":"category","embeddable":true,"href":"https:\/\/www.andalucialegendaria.com\/Palmerines\/wp-json\/wp\/v2\/categories?post=1582"},{"taxonomy":"post_tag","embeddable":true,"href":"https:\/\/www.andalucialegendaria.com\/Palmerines\/wp-json\/wp\/v2\/tags?post=1582"}],"curies":[{"name":"wp","href":"https:\/\/api.w.org\/{rel}","templated":true}]}}