{"id":1328,"date":"2024-08-26T18:53:53","date_gmt":"2024-08-26T16:53:53","guid":{"rendered":"https:\/\/www.andalucialegendaria.com\/Palmerines\/?p=1328"},"modified":"2024-08-26T18:53:53","modified_gmt":"2024-08-26T16:53:53","slug":"llega-vitor-roque-al-real-betis-balompie","status":"publish","type":"post","link":"https:\/\/www.andalucialegendaria.com\/Palmerines\/2024\/08\/26\/llega-vitor-roque-al-real-betis-balompie\/","title":{"rendered":"Llega Vitor Roque al Real Betis Balompi\u00e9"},"content":{"rendered":"\n<p>El Real Betis Balompi\u00e9 y el FC Barcelona han llegado a un acuerdo para la cesi\u00f3n de Vitor Hugo Roque Ferreira (Tim\u00f3teo, 28\/02\/2005) para la presente temporada. Adem\u00e1s, el Real Betis se ha asegurado una opci\u00f3n de compra sobre los derechos federativos del jugador.<\/p>\n\n\n\n<figure class=\"wp-block-image size-large\"><img loading=\"lazy\" decoding=\"async\" width=\"1024\" height=\"576\" src=\"https:\/\/www.andalucialegendaria.com\/Palmerines\/wp-content\/uploads\/2024\/08\/image-21-1024x576.png\" alt=\"\" class=\"wp-image-1329\" srcset=\"https:\/\/www.andalucialegendaria.com\/Palmerines\/wp-content\/uploads\/2024\/08\/image-21-1024x576.png 1024w, https:\/\/www.andalucialegendaria.com\/Palmerines\/wp-content\/uploads\/2024\/08\/image-21-300x169.png 300w, https:\/\/www.andalucialegendaria.com\/Palmerines\/wp-content\/uploads\/2024\/08\/image-21-768x432.png 768w, https:\/\/www.andalucialegendaria.com\/Palmerines\/wp-content\/uploads\/2024\/08\/image-21-1536x864.png 1536w, https:\/\/www.andalucialegendaria.com\/Palmerines\/wp-content\/uploads\/2024\/08\/image-21.png 1920w\" sizes=\"auto, (max-width: 1024px) 100vw, 1024px\" \/><\/figure>\n\n\n\n<p>Vitor Roque comenz\u00f3 su carrera profesional en el Cruzeiro, debutando oficialmente en la temporada 2021\/22. Posteriormente, en la campa\u00f1a 2022\/23, se uni\u00f3 al Athletico Paranaense, donde destac\u00f3 con 28 goles y 11 asistencias.<\/p>\n\n\n\n<p>Su impresionante rendimiento le llev\u00f3 al FC Barcelona en el verano de 2023, aunque no fue hasta el mercado de invierno cuando se incorpor\u00f3 al equipo catal\u00e1n.<\/p>\n\n\n\n<p>El nuevo refuerzo del Betis ha sido internacional con la selecci\u00f3n absoluta de Brasil. Adem\u00e1s, jug\u00f3 un papel crucial en la conquista del Campeonato Sudamericano Sub-20 a inicios de 2023, donde se consagr\u00f3 como m\u00e1ximo goleador del torneo con 6 tantos.<\/p>\n","protected":false},"excerpt":{"rendered":"<p>El Real Betis Balompi\u00e9 y el FC Barcelona han llegado a un acuerdo para la cesi\u00f3n de Vitor Hugo Roque Ferreira (Tim\u00f3teo, 28\/02\/2005) para la presente temporada. Adem\u00e1s, el Real Betis se ha asegurado una opci\u00f3n de compra sobre los derechos federativos del jugador. Vitor Roque comenz\u00f3 su carrera profesional en el Cruzeiro, debutando oficialmente&#8230;<\/p>\n","protected":false},"author":1,"featured_media":1329,"comment_status":"open","ping_status":"open","sticky":false,"template":"","format":"standard","meta":{"footnotes":""},"categories":[4,3],"tags":[],"class_list":["post-1328","post","type-post","status-publish","format-standard","has-post-thumbnail","hentry","category-actualidad-verdiblanca","category-primer-equipo"],"_links":{"self":[{"href":"https:\/\/www.andalucialegendaria.com\/Palmerines\/wp-json\/wp\/v2\/posts\/1328","targetHints":{"allow":["GET"]}}],"collection":[{"href":"https:\/\/www.andalucialegendaria.com\/Palmerines\/wp-json\/wp\/v2\/posts"}],"about":[{"href":"https:\/\/www.andalucialegendaria.com\/Palmerines\/wp-json\/wp\/v2\/types\/post"}],"author":[{"embeddable":true,"href":"https:\/\/www.andalucialegendaria.com\/Palmerines\/wp-json\/wp\/v2\/users\/1"}],"replies":[{"embeddable":true,"href":"https:\/\/www.andalucialegendaria.com\/Palmerines\/wp-json\/wp\/v2\/comments?post=1328"}],"version-history":[{"count":1,"href":"https:\/\/www.andalucialegendaria.com\/Palmerines\/wp-json\/wp\/v2\/posts\/1328\/revisions"}],"predecessor-version":[{"id":1330,"href":"https:\/\/www.andalucialegendaria.com\/Palmerines\/wp-json\/wp\/v2\/posts\/1328\/revisions\/1330"}],"wp:featuredmedia":[{"embeddable":true,"href":"https:\/\/www.andalucialegendaria.com\/Palmerines\/wp-json\/wp\/v2\/media\/1329"}],"wp:attachment":[{"href":"https:\/\/www.andalucialegendaria.com\/Palmerines\/wp-json\/wp\/v2\/media?parent=1328"}],"wp:term":[{"taxonomy":"category","embeddable":true,"href":"https:\/\/www.andalucialegendaria.com\/Palmerines\/wp-json\/wp\/v2\/categories?post=1328"},{"taxonomy":"post_tag","embeddable":true,"href":"https:\/\/www.andalucialegendaria.com\/Palmerines\/wp-json\/wp\/v2\/tags?post=1328"}],"curies":[{"name":"wp","href":"https:\/\/api.w.org\/{rel}","templated":true}]}}